{"id":710,"date":"2023-03-06T09:08:27","date_gmt":"2023-03-06T12:08:27","guid":{"rendered":"http:\/\/patricialacombe.com.br\/blog\/?p=710"},"modified":"2023-03-06T09:08:30","modified_gmt":"2023-03-06T12:08:30","slug":"descubra-o-segredo-para-melhorar-a-qualidade-de-vida-de-idosos-e-seus-cuidadores","status":"publish","type":"post","link":"http:\/\/patricialacombe.com.br\/blog\/descubra-o-segredo-para-melhorar-a-qualidade-de-vida-de-idosos-e-seus-cuidadores\/","title":{"rendered":"Descubra o segredo para melhorar a qualidade de vida de idosos e seus cuidadores!"},"content":{"rendered":"\n<figure class=\"wp-block-image\"><img decoding=\"async\" width=\"1024\" height=\"576\" src=\"http:\/\/patricialacombe.com.br\/blog\/wp-content\/uploads\/2023\/03\/idoso-x-cuidadores-1024x576.jpg\" alt=\"\" class=\"wp-image-711\" srcset=\"http:\/\/patricialacombe.com.br\/blog\/wp-content\/uploads\/2023\/03\/idoso-x-cuidadores-1024x576.jpg 1024w, http:\/\/patricialacombe.com.br\/blog\/wp-content\/uploads\/2023\/03\/idoso-x-cuidadores-300x169.jpg 300w, http:\/\/patricialacombe.com.br\/blog\/wp-content\/uploads\/2023\/03\/idoso-x-cuidadores-768x432.jpg 768w, http:\/\/patricialacombe.com.br\/blog\/wp-content\/uploads\/2023\/03\/idoso-x-cuidadores-640x360.jpg 640w\" sizes=\"(max-width: 1024px) 100vw, 1024px\" \/><\/figure>\n\n\n\n<h2 class=\"wp-block-heading\"><\/h2>\n\n\n\n<p>Transforme a vida do idoso e das pessoas ao seu entorno com um m\u00e9todo comprovado que traz resultados reais e significativos! Descubra como nossa abordagem \u00fanica de fisioterapia colaborativa pode melhorar a qualidade de vida e a independ\u00eancia de ambos, permitindo que desfrutem de mais liberdade e bem-estar.<\/p>\n\n\n\n<p><strong>Tempo x Idoso:<\/strong><\/p>\n\n\n\n<p>Cada vez mais nos encontramos em um mundo ocupado, o tempo se tornou uma raridade e, junto com a falta de tempo, vem a falta de cuidado que um idoso necessita. Por isso, \u201cCuidadores de Idosos\u201d foi a ocupa\u00e7\u00e3o que mais cresceu nos \u00faltimos dez anos, de acordo com o IBGE foi de 5.263 cuidadores para 34.051, ou seja, um aumento de 547%.<\/p>\n\n\n\n<p>O Brasil, tamb\u00e9m, atinge a sexta posi\u00e7\u00e3o no ranking mundial com o maior n\u00famero de idosos, atingindo a marca dos 31 milh\u00f5es, com tend\u00eancia de aumentar. Por\u00e9m, cuidadores, nem sempre conseguem proporcionar o necess\u00e1rio para seu cliente, n\u00e3o \u00e9 do interesse de todos&nbsp; convidar mais uma pessoa para conviver em sua&nbsp; resid\u00eancia, e principalmente, tirar dos idosos o que eles mais desejam, a liberdade.<\/p>\n\n\n\n<p>Na realidade, muitos optam pela op\u00e7\u00e3o de cuidadores pela praticidade e a falta de tempo para cuidar de seu idoso, mas poucos se satisfazem com seus servi\u00e7os. Tanto um filho quanto o pr\u00f3prio idoso idealizam sua autonomia, mas como oferecer aos idosos essa liberdade se eles podem cair, se machucar, se sentir mal ou fraco, muitas vezes incapaz de pedir ajuda?<\/p>\n\n\n\n<p><strong>O que fazer ?<\/strong><\/p>\n\n\n\n<p>Ter boas condi\u00e7\u00f5es f\u00edsicas em certa idade, tanto \u00e9 pouco comum, quanto, uma ideia irresist\u00edvel e poss\u00edvel, se tomada as devidas provid\u00eancias. O \u00edndice de quedas no Brasil \u00e9 de 28% a 35% nos idosos com mais de 65 anos, e 32% a 42% nos idosos com mais de 75 anos. Al\u00e9m da falta de equil\u00edbrio, muitos sofrem de desgaste de articula\u00e7\u00f5es, pouca ativa\u00e7\u00e3o de m\u00fasculos, respira\u00e7\u00f5es ofegantes, cansa\u00e7o excessivo e limita\u00e7\u00f5es causadas por erros posturais que n\u00e3o foram tratados anteriormente.<\/p>\n\n\n\n<p>E se eu te dissesse que a t\u00e3o desejada autonomia idosa pode ser atingida sem se preocupar constantemente sobre essas limita\u00e7\u00f5es citadas acima? O tratamento para essa limita\u00e7\u00e3o n\u00e3o ir\u00e1 elimin\u00e1-la 100%, mas de fato \u00e9 capaz de reensinar o corpo a respeito das qualidades que um dia foram autom\u00e1ticas e amenizar os riscos de um idoso fragilizado. O m\u00e9todo Gin\u00e1stica Hol\u00edstica, oferecido pelo Instituto Patr\u00edcia Lacombe, \u00e9 um m\u00e9todo originado na Fran\u00e7a, que cont\u00e9m mais de 800 movimentos, junto da assist\u00eancia de um profissional em sistema h\u00edbrido.<\/p>\n\n\n\n<p><strong>O que o Instituto oferece ?<\/strong><\/p>\n\n\n\n<p>Como dito anteriormente, o Instituto trabalha com o m\u00e9todo de Gin\u00e1stica Hol\u00edstica e tem cada vez mais dirigido seu foco aos idosos, porque diferente dos jovens de hoje, os Idosos t\u00eam o tempo necess\u00e1rio para cuidar e preservar seus corpos. Eles tamb\u00e9m s\u00e3o os que v\u00eaem as&nbsp; diferen\u00e7as mais n\u00edtidas devido a recupera\u00e7\u00e3o de equil\u00edbrio, al\u00edvio ou at\u00e9 aus\u00eancia de dores, o fortalecimento de suas articula\u00e7\u00f5es e seus m\u00fasculos.<\/p>\n\n\n\n<p>Quando percebem, j\u00e1 est\u00e3o aut\u00f4nomos novamente, fazendo suas pr\u00f3prias compras, caminhando pelas cal\u00e7adas, ou at\u00e9 ficando em casa sozinhos sem medo de fazer as tarefas b\u00e1sicas e perder o equil\u00edbrio.<\/p>\n\n\n\n<p>O Instituto oferece tudo que um corpo idoso necessita, n\u00e3o apenas ao idoso, pois \u00e9 capaz de prevenir, preservar e melhorar, o que um dia j\u00e1 foi, deixando o paciente e seus familiares com um eterno sorriso no rosto. Os resultados n\u00e3o impactam somente ao paciente, e sim os que convivem juntamente!<\/p>\n\n\n\n<p>N\u00e3o perca mais tempo, experimente agora mesmo esse m\u00e9todo comprovado e veja a diferen\u00e7a que ele pode fazer na vida de sua fam\u00edlia!<\/p>\n\n\n\n<p> O Instituto Patricia Lacombe trabalha com os conv\u00eanios Vivest, Sulam\u00e9rica, Vera Cruz e Notredame (Advance 600, Advance 600A e Premium 800 Lasa), realizando tamb\u00e9m atendimentos particulares. <\/p>\n\n\n\n<p>Entre em contato pelo telefone (19) 3751.4000 ou e-mail instituto@patricialacombe.com.br e acompanhe nosso<a href=\"https:\/\/www.instagram.com\/instituto.patricialacombe\/\">&nbsp;perfil no Instagram<\/a>&nbsp;(@instituto.patricialacombe).<\/p>\n\n\n\n<p><\/p>\n","protected":false},"excerpt":{"rendered":"<p>Transforme a vida do idoso e das pessoas ao seu entorno com um m\u00e9todo comprovado que traz resultados reais e significativos! Descubra como nossa abordagem \u00fanica de fisioterapia colaborativa pode melhorar a qualidade de vida e a independ\u00eancia de ambos, permitindo que desfrutem de mais liberdade e bem-estar. Tempo x Idoso: Cada vez mais nos<a class=\"moretag\" href=\"http:\/\/patricialacombe.com.br\/blog\/descubra-o-segredo-para-melhorar-a-qualidade-de-vida-de-idosos-e-seus-cuidadores\/\"><span class=\"screen-reader-text\">Leia mais sobreDescubra o segredo para melhorar a qualidade de vida de idosos e seus cuidadores!<\/span>[&#8230;]<\/a><\/p>\n","protected":false},"author":5,"featured_media":711,"comment_status":"open","ping_status":"open","sticky":false,"template":"","format":"standard","meta":{"footnotes":""},"categories":[14,15,17],"tags":[42,44,32,30,43,27,29],"_links":{"self":[{"href":"http:\/\/patricialacombe.com.br\/blog\/wp-json\/wp\/v2\/posts\/710"}],"collection":[{"href":"http:\/\/patricialacombe.com.br\/blog\/wp-json\/wp\/v2\/posts"}],"about":[{"href":"http:\/\/patricialacombe.com.br\/blog\/wp-json\/wp\/v2\/types\/post"}],"author":[{"embeddable":true,"href":"http:\/\/patricialacombe.com.br\/blog\/wp-json\/wp\/v2\/users\/5"}],"replies":[{"embeddable":true,"href":"http:\/\/patricialacombe.com.br\/blog\/wp-json\/wp\/v2\/comments?post=710"}],"version-history":[{"count":1,"href":"http:\/\/patricialacombe.com.br\/blog\/wp-json\/wp\/v2\/posts\/710\/revisions"}],"predecessor-version":[{"id":712,"href":"http:\/\/patricialacombe.com.br\/blog\/wp-json\/wp\/v2\/posts\/710\/revisions\/712"}],"wp:featuredmedia":[{"embeddable":true,"href":"http:\/\/patricialacombe.com.br\/blog\/wp-json\/wp\/v2\/media\/711"}],"wp:attachment":[{"href":"http:\/\/patricialacombe.com.br\/blog\/wp-json\/wp\/v2\/media?parent=710"}],"wp:term":[{"taxonomy":"category","embeddable":true,"href":"http:\/\/patricialacombe.com.br\/blog\/wp-json\/wp\/v2\/categories?post=710"},{"taxonomy":"post_tag","embeddable":true,"href":"http:\/\/patricialacombe.com.br\/blog\/wp-json\/wp\/v2\/tags?post=710"}],"curies":[{"name":"wp","href":"https:\/\/api.w.org\/{rel}","templated":true}]}}